{"id":5182,"date":"2025-11-24T11:14:36","date_gmt":"2025-11-24T10:14:36","guid":{"rendered":"https:\/\/evocert.pl\/?p=5182"},"modified":"2025-11-24T11:14:49","modified_gmt":"2025-11-24T10:14:49","slug":"evocert-z-pozytywna-decyzja-w-sprawie-prowadzenia-certyfikacji-integrowanej-produkcji-roslin","status":"publish","type":"post","link":"https:\/\/evocert.pl\/zh\/evocert-z-pozytywna-decyzja-w-sprawie-prowadzenia-certyfikacji-integrowanej-produkcji-roslin\/","title":{"rendered":"EVOCERT \u83b7\u5f97\u5173\u4e8e\u5f00\u5c55\u7efc\u5408\u690d\u7269\u751f\u4ea7 \u8ba4\u8bc1\u7684\u80af\u5b9a\u51b3\u5b9a"},"content":{"rendered":"<p class=\"translation-block\">\u6211\u4eec\u5f88\u9ad8\u5174\u5730\u901a\u77e5\u60a8\uff0c\u8ba4\u8bc1\u673a\u6784 EVOCERT \u5df2\u83b7\u5f97\u7701\u7ea7\u690d\u7269\u4fdd\u62a4\u4e0e\u79cd\u5b50\u68c0\u9a8c\u5c40\uff08WIORIN\uff09\u5c31\u5f00\u5c55\u7efc\u5408\u690d\u7269\u751f\u4ea7 \u8ba4\u8bc1\u6d3b\u52a8\u6240\u4f5c\u51fa\u7684\u79ef\u6781\u51b3\u5b9a\u3002\n\u56e0\u6b64\uff0cEVOCERT \u5df2\u88ab\u6b63\u5f0f\u5217\u5165 \u83b7\u6388\u6743\u5f00\u5c55\u7efc\u5408\u690d\u7269\u751f\u4ea7\u8ba4\u8bc1\u6d3b\u52a8\u7684\u673a\u6784\u540d\u5f55\u3002<\/p>\n\n\n\n<p class=\"translation-block\">\u6240\u83b7\u5f97\u7684\u6388\u6743\u786e\u8ba4\u4e86\u6211\u53f8\u5728\u8ba4\u8bc1\u9886\u57df\u7684\u4e13\u4e1a\u80fd\u529b\u4e0e\u9ad8\u6c34\u51c6\u670d\u52a1\u3002\u6211\u4eec\u8c28\u5411 EVOCERT \u4e13\u5bb6\u56e2\u961f \u8868\u793a\u8bda\u631a\u611f\u8c22\uff0c\u6b63\u662f\u4ed6\u4eec\u7684\u6295\u5165\u4e0e\u4e13\u4e1a\u77e5\u8bc6\u4fc3\u6210\u4e86\u6574\u4e2a\u6d41\u7a0b\u7684\u987a\u5229\u5b8c\u6210\u3002<\/p>\n\n\n\n<p class=\"translation-block\">\u5c0a\u656c\u7684\u5ba2\u6237\uff0c\u6211\u4eec\u8bda\u631a\u9080\u8bf7\u5404\u4f4d\u751f\u4ea7\u8005\u5728 EVOCERT \u542f\u52a8\u7efc\u5408\u690d\u7269\u751f\u4ea7\u8ba4\u8bc1\u6d41\u7a0b\u3002\n\u6211\u4eec\u5c06\u59cb\u7ec8\u4e3a\u60a8\u63d0\u4f9b\u652f\u6301\uff0c\u5e76\u5728\u8ba4\u8bc1\u7684\u6bcf\u4e00\u4e2a\u9636\u6bb5\u4e3a\u60a8\u4fdd\u9a7e\u62a4\u822a\u3002<\/p>\n\n\n\n<p><strong><mark style=\"background-color:rgba(0, 0, 0, 0)\" class=\"has-inline-color has-custom-logo-color\">EVOCERT \u56e2\u961f<\/mark><\/strong><\/p>","protected":false},"excerpt":{"rendered":"<p>Z przyjemno\u015bci\u0105 informujemy, \u017ce jednostka certyfikuj\u0105ca EVOCERT uzyska\u0142a pozytywn\u0105 decyzj\u0119 Wojew\u00f3dzkiego Inspektora Ochrony Ro\u015blin i Nasiennictwa dotycz\u0105c\u0105 upowa\u017cnienia do prowadzenia dzia\u0142alno\u015bci w zakresie certyfikacji Integrowanej Produkcji Ro\u015blin (IPR).Tym samym EVOCERT zosta\u0142 oficjalnie wpisany do Wykazu upowa\u017cnionych podmiot\u00f3w do wykonywania dzia\u0142alno\u015bci w zakresie certyfikacji integrowanej produkcji ro\u015blin. Uzyskane upowa\u017cnienie stanowi potwierdzenie spe\u0142nienia przez nasz\u0105 jednostk\u0119 profesjonalizmu [&hellip;]<\/p>","protected":false},"author":2,"featured_media":0,"comment_status":"open","ping_status":"open","sticky":false,"template":"","format":"standard","meta":{"footnotes":""},"categories":[46,72],"tags":[],"class_list":["post-5182","post","type-post","status-publish","format-standard","hentry","category-o-evocert","category-ipr"],"yoast_head":"<!-- This site is optimized with the Yoast SEO plugin v26.3 - https:\/\/yoast.com\/wordpress\/plugins\/seo\/ -->\n<title>EVOCERT z pozytywn\u0105 decyzj\u0105 w sprawie prowadzenia certyfikacji Integrowanej Produkcji Ro\u015blin - EVOCERT<\/title>\n<meta name=\"robots\" content=\"index, follow, max-snippet:-1, max-image-preview:large, max-video-preview:-1\" \/>\n<link rel=\"canonical\" href=\"https:\/\/evocert.pl\/zh\/evocert-z-pozytywna-decyzja-w-sprawie-prowadzenia-certyfikacji-integrowanej-produkcji-roslin\/\" \/>\n<meta property=\"og:locale\" content=\"zh_CN\" \/>\n<meta property=\"og:type\" content=\"article\" \/>\n<meta property=\"og:title\" content=\"EVOCERT z pozytywn\u0105 decyzj\u0105 w sprawie prowadzenia certyfikacji Integrowanej Produkcji Ro\u015blin - EVOCERT\" \/>\n<meta property=\"og:description\" content=\"Z przyjemno\u015bci\u0105 informujemy, \u017ce jednostka certyfikuj\u0105ca EVOCERT uzyska\u0142a pozytywn\u0105 decyzj\u0119 Wojew\u00f3dzkiego Inspektora Ochrony Ro\u015blin i Nasiennictwa dotycz\u0105c\u0105 upowa\u017cnienia do prowadzenia dzia\u0142alno\u015bci w zakresie certyfikacji Integrowanej Produkcji Ro\u015blin (IPR).Tym samym EVOCERT zosta\u0142 oficjalnie wpisany do Wykazu upowa\u017cnionych podmiot\u00f3w do wykonywania dzia\u0142alno\u015bci w zakresie certyfikacji integrowanej produkcji ro\u015blin. Uzyskane upowa\u017cnienie stanowi potwierdzenie spe\u0142nienia przez nasz\u0105 jednostk\u0119 profesjonalizmu [&hellip;]\" \/>\n<meta property=\"og:url\" content=\"https:\/\/evocert.pl\/zh\/evocert-z-pozytywna-decyzja-w-sprawie-prowadzenia-certyfikacji-integrowanej-produkcji-roslin\/\" \/>\n<meta property=\"og:site_name\" content=\"EVOCERT\" \/>\n<meta property=\"article:published_time\" content=\"2025-11-24T10:14:36+00:00\" \/>\n<meta property=\"article:modified_time\" content=\"2025-11-24T10:14:49+00:00\" \/>\n<meta property=\"og:image\" content=\"https:\/\/evocert.pl\/wp-content\/uploads\/2025\/01\/EVOCERT_logo_KOLOR_PNG.png\" \/>\n\t<meta property=\"og:image:width\" content=\"378\" \/>\n\t<meta property=\"og:image:height\" content=\"378\" \/>\n\t<meta property=\"og:image:type\" content=\"image\/png\" \/>\n<meta name=\"author\" content=\"Kamila Kra\u015bniewska\" \/>\n<meta name=\"twitter:card\" content=\"summary_large_image\" \/>\n<meta name=\"twitter:label1\" content=\"\u4f5c\u8005\" \/>\n\t<meta name=\"twitter:data1\" content=\"Kamila Kra\u015bniewska\" \/>\n\t<meta name=\"twitter:label2\" content=\"\u9884\u8ba1\u9605\u8bfb\u65f6\u95f4\" \/>\n\t<meta name=\"twitter:data2\" content=\"1 \u5206\" \/>\n<script type=\"application\/ld+json\" class=\"yoast-schema-graph\">{\"@context\":\"https:\/\/schema.org\",\"@graph\":[{\"@type\":\"Article\",\"@id\":\"https:\/\/evocert.pl\/evocert-z-pozytywna-decyzja-w-sprawie-prowadzenia-certyfikacji-integrowanej-produkcji-roslin\/#article\",\"isPartOf\":{\"@id\":\"https:\/\/evocert.pl\/evocert-z-pozytywna-decyzja-w-sprawie-prowadzenia-certyfikacji-integrowanej-produkcji-roslin\/\"},\"author\":{\"name\":\"Kamila Kra\u015bniewska\",\"@id\":\"https:\/\/evocert.pl\/en\/#\/schema\/person\/b75109e953a3c8a766a235e348ca5989\"},\"headline\":\"EVOCERT z pozytywn\u0105 decyzj\u0105 w sprawie prowadzenia certyfikacji Integrowanej Produkcji Ro\u015blin\",\"datePublished\":\"2025-11-24T10:14:36+00:00\",\"dateModified\":\"2025-11-24T10:14:49+00:00\",\"mainEntityOfPage\":{\"@id\":\"https:\/\/evocert.pl\/evocert-z-pozytywna-decyzja-w-sprawie-prowadzenia-certyfikacji-integrowanej-produkcji-roslin\/\"},\"wordCount\":149,\"commentCount\":0,\"publisher\":{\"@id\":\"https:\/\/evocert.pl\/en\/#organization\"},\"articleSection\":[\"Co u nas s\u0142ycha\u0107?\",\"Integrowana Produkcja Ro\u015blin\"],\"inLanguage\":\"zh-Hans\",\"potentialAction\":[{\"@type\":\"CommentAction\",\"name\":\"Comment\",\"target\":[\"https:\/\/evocert.pl\/evocert-z-pozytywna-decyzja-w-sprawie-prowadzenia-certyfikacji-integrowanej-produkcji-roslin\/#respond\"]}]},{\"@type\":\"WebPage\",\"@id\":\"https:\/\/evocert.pl\/evocert-z-pozytywna-decyzja-w-sprawie-prowadzenia-certyfikacji-integrowanej-produkcji-roslin\/\",\"url\":\"https:\/\/evocert.pl\/evocert-z-pozytywna-decyzja-w-sprawie-prowadzenia-certyfikacji-integrowanej-produkcji-roslin\/\",\"name\":\"EVOCERT z pozytywn\u0105 decyzj\u0105 w sprawie prowadzenia certyfikacji Integrowanej Produkcji Ro\u015blin - EVOCERT\",\"isPartOf\":{\"@id\":\"https:\/\/evocert.pl\/en\/#website\"},\"datePublished\":\"2025-11-24T10:14:36+00:00\",\"dateModified\":\"2025-11-24T10:14:49+00:00\",\"breadcrumb\":{\"@id\":\"https:\/\/evocert.pl\/evocert-z-pozytywna-decyzja-w-sprawie-prowadzenia-certyfikacji-integrowanej-produkcji-roslin\/#breadcrumb\"},\"inLanguage\":\"zh-Hans\",\"potentialAction\":[{\"@type\":\"ReadAction\",\"target\":[\"https:\/\/evocert.pl\/evocert-z-pozytywna-decyzja-w-sprawie-prowadzenia-certyfikacji-integrowanej-produkcji-roslin\/\"]}]},{\"@type\":\"BreadcrumbList\",\"@id\":\"https:\/\/evocert.pl\/evocert-z-pozytywna-decyzja-w-sprawie-prowadzenia-certyfikacji-integrowanej-produkcji-roslin\/#breadcrumb\",\"itemListElement\":[{\"@type\":\"ListItem\",\"position\":1,\"name\":\"Strona g\u0142\u00f3wna\",\"item\":\"https:\/\/evocert.pl\/en\/\"},{\"@type\":\"ListItem\",\"position\":2,\"name\":\"EVOCERT z pozytywn\u0105 decyzj\u0105 w sprawie prowadzenia certyfikacji Integrowanej Produkcji Ro\u015blin\"}]},{\"@type\":\"WebSite\",\"@id\":\"https:\/\/evocert.pl\/en\/#website\",\"url\":\"https:\/\/evocert.pl\/en\/\",\"name\":\"EVOCERT\",\"description\":\"Evolution in certification\",\"publisher\":{\"@id\":\"https:\/\/evocert.pl\/en\/#organization\"},\"potentialAction\":[{\"@type\":\"SearchAction\",\"target\":{\"@type\":\"EntryPoint\",\"urlTemplate\":\"https:\/\/evocert.pl\/en\/?s={search_term_string}\"},\"query-input\":{\"@type\":\"PropertyValueSpecification\",\"valueRequired\":true,\"valueName\":\"search_term_string\"}}],\"inLanguage\":\"zh-Hans\"},{\"@type\":\"Organization\",\"@id\":\"https:\/\/evocert.pl\/en\/#organization\",\"name\":\"EVOCERT\",\"url\":\"https:\/\/evocert.pl\/en\/\",\"logo\":{\"@type\":\"ImageObject\",\"inLanguage\":\"zh-Hans\",\"@id\":\"https:\/\/evocert.pl\/en\/#\/schema\/logo\/image\/\",\"url\":\"https:\/\/evocert.pl\/wp-content\/uploads\/2025\/01\/EVOCERT_logo_KOLOR_PNG.png\",\"contentUrl\":\"https:\/\/evocert.pl\/wp-content\/uploads\/2025\/01\/EVOCERT_logo_KOLOR_PNG.png\",\"width\":378,\"height\":378,\"caption\":\"EVOCERT\"},\"image\":{\"@id\":\"https:\/\/evocert.pl\/en\/#\/schema\/logo\/image\/\"},\"sameAs\":[\"https:\/\/www.linkedin.com\/company\/evocert-sp-z-o-o\"]},{\"@type\":\"Person\",\"@id\":\"https:\/\/evocert.pl\/en\/#\/schema\/person\/b75109e953a3c8a766a235e348ca5989\",\"name\":\"Kamila Kra\u015bniewska\",\"image\":{\"@type\":\"ImageObject\",\"inLanguage\":\"zh-Hans\",\"@id\":\"https:\/\/evocert.pl\/en\/#\/schema\/person\/image\/\",\"url\":\"https:\/\/secure.gravatar.com\/avatar\/35aba65ef507b2bc249e2504d171c5a7399057fb2fcb584cc05638f619dedd32?s=96&d=mm&r=g\",\"contentUrl\":\"https:\/\/secure.gravatar.com\/avatar\/35aba65ef507b2bc249e2504d171c5a7399057fb2fcb584cc05638f619dedd32?s=96&d=mm&r=g\",\"caption\":\"Kamila Kra\u015bniewska\"},\"sameAs\":[\"http:\/\/www.evocert.pl\"],\"url\":\"https:\/\/evocert.pl\/zh\/author\/kamila-krasniewska\/\"}]}<\/script>\n<!-- \/ Yoast SEO plugin. -->","yoast_head_json":{"title":"EVOCERT z pozytywn\u0105 decyzj\u0105 w sprawie prowadzenia certyfikacji Integrowanej Produkcji Ro\u015blin - EVOCERT","robots":{"index":"index","follow":"follow","max-snippet":"max-snippet:-1","max-image-preview":"max-image-preview:large","max-video-preview":"max-video-preview:-1"},"canonical":"https:\/\/evocert.pl\/zh\/evocert-z-pozytywna-decyzja-w-sprawie-prowadzenia-certyfikacji-integrowanej-produkcji-roslin\/","og_locale":"zh_CN","og_type":"article","og_title":"EVOCERT z pozytywn\u0105 decyzj\u0105 w sprawie prowadzenia certyfikacji Integrowanej Produkcji Ro\u015blin - EVOCERT","og_description":"Z przyjemno\u015bci\u0105 informujemy, \u017ce jednostka certyfikuj\u0105ca EVOCERT uzyska\u0142a pozytywn\u0105 decyzj\u0119 Wojew\u00f3dzkiego Inspektora Ochrony Ro\u015blin i Nasiennictwa dotycz\u0105c\u0105 upowa\u017cnienia do prowadzenia dzia\u0142alno\u015bci w zakresie certyfikacji Integrowanej Produkcji Ro\u015blin (IPR).Tym samym EVOCERT zosta\u0142 oficjalnie wpisany do Wykazu upowa\u017cnionych podmiot\u00f3w do wykonywania dzia\u0142alno\u015bci w zakresie certyfikacji integrowanej produkcji ro\u015blin. Uzyskane upowa\u017cnienie stanowi potwierdzenie spe\u0142nienia przez nasz\u0105 jednostk\u0119 profesjonalizmu [&hellip;]","og_url":"https:\/\/evocert.pl\/zh\/evocert-z-pozytywna-decyzja-w-sprawie-prowadzenia-certyfikacji-integrowanej-produkcji-roslin\/","og_site_name":"EVOCERT","article_published_time":"2025-11-24T10:14:36+00:00","article_modified_time":"2025-11-24T10:14:49+00:00","og_image":[{"width":378,"height":378,"url":"https:\/\/evocert.pl\/wp-content\/uploads\/2025\/01\/EVOCERT_logo_KOLOR_PNG.png","type":"image\/png"}],"author":"Kamila Kra\u015bniewska","twitter_card":"summary_large_image","twitter_misc":{"\u4f5c\u8005":"Kamila Kra\u015bniewska","\u9884\u8ba1\u9605\u8bfb\u65f6\u95f4":"1 \u5206"},"schema":{"@context":"https:\/\/schema.org","@graph":[{"@type":"Article","@id":"https:\/\/evocert.pl\/evocert-z-pozytywna-decyzja-w-sprawie-prowadzenia-certyfikacji-integrowanej-produkcji-roslin\/#article","isPartOf":{"@id":"https:\/\/evocert.pl\/evocert-z-pozytywna-decyzja-w-sprawie-prowadzenia-certyfikacji-integrowanej-produkcji-roslin\/"},"author":{"name":"Kamila Kra\u015bniewska","@id":"https:\/\/evocert.pl\/en\/#\/schema\/person\/b75109e953a3c8a766a235e348ca5989"},"headline":"EVOCERT z pozytywn\u0105 decyzj\u0105 w sprawie prowadzenia certyfikacji Integrowanej Produkcji Ro\u015blin","datePublished":"2025-11-24T10:14:36+00:00","dateModified":"2025-11-24T10:14:49+00:00","mainEntityOfPage":{"@id":"https:\/\/evocert.pl\/evocert-z-pozytywna-decyzja-w-sprawie-prowadzenia-certyfikacji-integrowanej-produkcji-roslin\/"},"wordCount":149,"commentCount":0,"publisher":{"@id":"https:\/\/evocert.pl\/en\/#organization"},"articleSection":["Co u nas s\u0142ycha\u0107?","Integrowana Produkcja Ro\u015blin"],"inLanguage":"zh-Hans","potentialAction":[{"@type":"CommentAction","name":"Comment","target":["https:\/\/evocert.pl\/evocert-z-pozytywna-decyzja-w-sprawie-prowadzenia-certyfikacji-integrowanej-produkcji-roslin\/#respond"]}]},{"@type":"WebPage","@id":"https:\/\/evocert.pl\/evocert-z-pozytywna-decyzja-w-sprawie-prowadzenia-certyfikacji-integrowanej-produkcji-roslin\/","url":"https:\/\/evocert.pl\/evocert-z-pozytywna-decyzja-w-sprawie-prowadzenia-certyfikacji-integrowanej-produkcji-roslin\/","name":"EVOCERT z pozytywn\u0105 decyzj\u0105 w sprawie prowadzenia certyfikacji Integrowanej Produkcji Ro\u015blin - EVOCERT","isPartOf":{"@id":"https:\/\/evocert.pl\/en\/#website"},"datePublished":"2025-11-24T10:14:36+00:00","dateModified":"2025-11-24T10:14:49+00:00","breadcrumb":{"@id":"https:\/\/evocert.pl\/evocert-z-pozytywna-decyzja-w-sprawie-prowadzenia-certyfikacji-integrowanej-produkcji-roslin\/#breadcrumb"},"inLanguage":"zh-Hans","potentialAction":[{"@type":"ReadAction","target":["https:\/\/evocert.pl\/evocert-z-pozytywna-decyzja-w-sprawie-prowadzenia-certyfikacji-integrowanej-produkcji-roslin\/"]}]},{"@type":"BreadcrumbList","@id":"https:\/\/evocert.pl\/evocert-z-pozytywna-decyzja-w-sprawie-prowadzenia-certyfikacji-integrowanej-produkcji-roslin\/#breadcrumb","itemListElement":[{"@type":"ListItem","position":1,"name":"Strona g\u0142\u00f3wna","item":"https:\/\/evocert.pl\/en\/"},{"@type":"ListItem","position":2,"name":"EVOCERT z pozytywn\u0105 decyzj\u0105 w sprawie prowadzenia certyfikacji Integrowanej Produkcji Ro\u015blin"}]},{"@type":"WebSite","@id":"https:\/\/evocert.pl\/en\/#website","url":"https:\/\/evocert.pl\/en\/","name":"EVOCERT","description":"Evolution in certification","publisher":{"@id":"https:\/\/evocert.pl\/en\/#organization"},"potentialAction":[{"@type":"SearchAction","target":{"@type":"EntryPoint","urlTemplate":"https:\/\/evocert.pl\/en\/?s={search_term_string}"},"query-input":{"@type":"PropertyValueSpecification","valueRequired":true,"valueName":"search_term_string"}}],"inLanguage":"zh-Hans"},{"@type":"Organization","@id":"https:\/\/evocert.pl\/en\/#organization","name":"EVOCERT","url":"https:\/\/evocert.pl\/en\/","logo":{"@type":"ImageObject","inLanguage":"zh-Hans","@id":"https:\/\/evocert.pl\/en\/#\/schema\/logo\/image\/","url":"https:\/\/evocert.pl\/wp-content\/uploads\/2025\/01\/EVOCERT_logo_KOLOR_PNG.png","contentUrl":"https:\/\/evocert.pl\/wp-content\/uploads\/2025\/01\/EVOCERT_logo_KOLOR_PNG.png","width":378,"height":378,"caption":"EVOCERT"},"image":{"@id":"https:\/\/evocert.pl\/en\/#\/schema\/logo\/image\/"},"sameAs":["https:\/\/www.linkedin.com\/company\/evocert-sp-z-o-o"]},{"@type":"Person","@id":"https:\/\/evocert.pl\/en\/#\/schema\/person\/b75109e953a3c8a766a235e348ca5989","name":"Kamila Kra\u015bniewska","image":{"@type":"ImageObject","inLanguage":"zh-Hans","@id":"https:\/\/evocert.pl\/en\/#\/schema\/person\/image\/","url":"https:\/\/secure.gravatar.com\/avatar\/35aba65ef507b2bc249e2504d171c5a7399057fb2fcb584cc05638f619dedd32?s=96&d=mm&r=g","contentUrl":"https:\/\/secure.gravatar.com\/avatar\/35aba65ef507b2bc249e2504d171c5a7399057fb2fcb584cc05638f619dedd32?s=96&d=mm&r=g","caption":"Kamila Kra\u015bniewska"},"sameAs":["http:\/\/www.evocert.pl"],"url":"https:\/\/evocert.pl\/zh\/author\/kamila-krasniewska\/"}]}},"_links":{"self":[{"href":"https:\/\/evocert.pl\/zh\/wp-json\/wp\/v2\/posts\/5182","targetHints":{"allow":["GET"]}}],"collection":[{"href":"https:\/\/evocert.pl\/zh\/wp-json\/wp\/v2\/posts"}],"about":[{"href":"https:\/\/evocert.pl\/zh\/wp-json\/wp\/v2\/types\/post"}],"author":[{"embeddable":true,"href":"https:\/\/evocert.pl\/zh\/wp-json\/wp\/v2\/users\/2"}],"replies":[{"embeddable":true,"href":"https:\/\/evocert.pl\/zh\/wp-json\/wp\/v2\/comments?post=5182"}],"version-history":[{"count":1,"href":"https:\/\/evocert.pl\/zh\/wp-json\/wp\/v2\/posts\/5182\/revisions"}],"predecessor-version":[{"id":5183,"href":"https:\/\/evocert.pl\/zh\/wp-json\/wp\/v2\/posts\/5182\/revisions\/5183"}],"wp:attachment":[{"href":"https:\/\/evocert.pl\/zh\/wp-json\/wp\/v2\/media?parent=5182"}],"wp:term":[{"taxonomy":"category","embeddable":true,"href":"https:\/\/evocert.pl\/zh\/wp-json\/wp\/v2\/categories?post=5182"},{"taxonomy":"post_tag","embeddable":true,"href":"https:\/\/evocert.pl\/zh\/wp-json\/wp\/v2\/tags?post=5182"}],"curies":[{"name":"wp","href":"https:\/\/api.w.org\/{rel}","templated":true}]}}