{"id":5182,"date":"2025-11-24T11:14:36","date_gmt":"2025-11-24T10:14:36","guid":{"rendered":"https:\/\/evocert.pl\/?p=5182"},"modified":"2025-11-24T11:14:49","modified_gmt":"2025-11-24T10:14:49","slug":"evocert-z-pozytywna-decyzja-w-sprawie-prowadzenia-certyfikacji-integrowanej-produkcji-roslin","status":"publish","type":"post","link":"https:\/\/evocert.pl\/en\/evocert-z-pozytywna-decyzja-w-sprawie-prowadzenia-certyfikacji-integrowanej-produkcji-roslin\/","title":{"rendered":"EVOCERT with a positive decision regarding the certification of Integrated Crop Production"},"content":{"rendered":"<p class=\"translation-block\">We are pleased to announce that the certification body <strong>EVOCERT<\/strong> has obtained a positive decision of the Provincial Inspector of Plant Health and Seed Inspection regarding the authorization to conduct activities in the field of <strong>Integrated Plant Production (IPR) certification<\/strong>.<br>Thereby, EVOCERT has been officially entered into the <em>List of authorized entities to conduct activities in the field of integrated plant production certification<\/em>.<\/p>\n\n\n\n<p class=\"translation-block\">This authorization confirms our entity's professionalism in the certification process. We would like to thank the EVOCERT team of experts, whose commitment and expertise contributed to the successful completion of the process.<\/p>\n\n\n\n<p class=\"translation-block\"><strong>Szanowni Pa\u0144stwo, zapraszamy producent\u00f3w do rozpocz\u0119cia procesu certyfikacji Integrowanej Produkcji Ro\u015blin w jednostce EVOCERT.<\/strong> Pozostajemy do Pa\u0144stwa dyspozycji i s\u0142u\u017cymy wsparciem na ka\u017cdym etapie certyfikacji.<\/p>\n\n\n\n<p><strong><mark style=\"background-color:rgba(0, 0, 0, 0)\" class=\"has-inline-color has-custom-logo-color\">EVOCERT team<\/mark><\/strong><\/p>","protected":false},"excerpt":{"rendered":"<p>Z przyjemno\u015bci\u0105 informujemy, \u017ce jednostka certyfikuj\u0105ca EVOCERT uzyska\u0142a pozytywn\u0105 decyzj\u0119 Wojew\u00f3dzkiego Inspektora Ochrony Ro\u015blin i Nasiennictwa dotycz\u0105c\u0105 upowa\u017cnienia do prowadzenia dzia\u0142alno\u015bci w zakresie certyfikacji Integrowanej Produkcji Ro\u015blin (IPR).Tym samym EVOCERT zosta\u0142 oficjalnie wpisany do Wykazu upowa\u017cnionych podmiot\u00f3w do wykonywania dzia\u0142alno\u015bci w zakresie certyfikacji integrowanej produkcji ro\u015blin. Uzyskane upowa\u017cnienie stanowi potwierdzenie spe\u0142nienia przez nasz\u0105 jednostk\u0119 profesjonalizmu [&hellip;]<\/p>","protected":false},"author":2,"featured_media":0,"comment_status":"open","ping_status":"open","sticky":false,"template":"","format":"standard","meta":{"footnotes":""},"categories":[46,72],"tags":[],"class_list":["post-5182","post","type-post","status-publish","format-standard","hentry","category-o-evocert","category-ipr"],"yoast_head":"<!-- This site is optimized with the Yoast SEO plugin v26.3 - https:\/\/yoast.com\/wordpress\/plugins\/seo\/ -->\n<title>EVOCERT z pozytywn\u0105 decyzj\u0105 w sprawie prowadzenia certyfikacji Integrowanej Produkcji Ro\u015blin - EVOCERT<\/title>\n<meta name=\"robots\" content=\"index, follow, max-snippet:-1, max-image-preview:large, max-video-preview:-1\" \/>\n<link rel=\"canonical\" href=\"https:\/\/evocert.pl\/en\/evocert-z-pozytywna-decyzja-w-sprawie-prowadzenia-certyfikacji-integrowanej-produkcji-roslin\/\" \/>\n<meta property=\"og:locale\" content=\"en_GB\" \/>\n<meta property=\"og:type\" content=\"article\" \/>\n<meta property=\"og:title\" content=\"EVOCERT z pozytywn\u0105 decyzj\u0105 w sprawie prowadzenia certyfikacji Integrowanej Produkcji Ro\u015blin - EVOCERT\" \/>\n<meta property=\"og:description\" content=\"Z przyjemno\u015bci\u0105 informujemy, \u017ce jednostka certyfikuj\u0105ca EVOCERT uzyska\u0142a pozytywn\u0105 decyzj\u0119 Wojew\u00f3dzkiego Inspektora Ochrony Ro\u015blin i Nasiennictwa dotycz\u0105c\u0105 upowa\u017cnienia do prowadzenia dzia\u0142alno\u015bci w zakresie certyfikacji Integrowanej Produkcji Ro\u015blin (IPR).Tym samym EVOCERT zosta\u0142 oficjalnie wpisany do Wykazu upowa\u017cnionych podmiot\u00f3w do wykonywania dzia\u0142alno\u015bci w zakresie certyfikacji integrowanej produkcji ro\u015blin. Uzyskane upowa\u017cnienie stanowi potwierdzenie spe\u0142nienia przez nasz\u0105 jednostk\u0119 profesjonalizmu [&hellip;]\" \/>\n<meta property=\"og:url\" content=\"https:\/\/evocert.pl\/en\/evocert-z-pozytywna-decyzja-w-sprawie-prowadzenia-certyfikacji-integrowanej-produkcji-roslin\/\" \/>\n<meta property=\"og:site_name\" content=\"EVOCERT\" \/>\n<meta property=\"article:published_time\" content=\"2025-11-24T10:14:36+00:00\" \/>\n<meta property=\"article:modified_time\" content=\"2025-11-24T10:14:49+00:00\" \/>\n<meta property=\"og:image\" content=\"https:\/\/evocert.pl\/wp-content\/uploads\/2025\/01\/EVOCERT_logo_KOLOR_PNG.png\" \/>\n\t<meta property=\"og:image:width\" content=\"378\" \/>\n\t<meta property=\"og:image:height\" content=\"378\" \/>\n\t<meta property=\"og:image:type\" content=\"image\/png\" \/>\n<meta name=\"author\" content=\"Kamila Kra\u015bniewska\" \/>\n<meta name=\"twitter:card\" content=\"summary_large_image\" \/>\n<meta name=\"twitter:label1\" content=\"Written by\" \/>\n\t<meta name=\"twitter:data1\" content=\"Kamila Kra\u015bniewska\" \/>\n\t<meta name=\"twitter:label2\" content=\"Estimated reading time\" \/>\n\t<meta name=\"twitter:data2\" content=\"1 minute\" \/>\n<script type=\"application\/ld+json\" class=\"yoast-schema-graph\">{\"@context\":\"https:\/\/schema.org\",\"@graph\":[{\"@type\":\"Article\",\"@id\":\"https:\/\/evocert.pl\/evocert-z-pozytywna-decyzja-w-sprawie-prowadzenia-certyfikacji-integrowanej-produkcji-roslin\/#article\",\"isPartOf\":{\"@id\":\"https:\/\/evocert.pl\/evocert-z-pozytywna-decyzja-w-sprawie-prowadzenia-certyfikacji-integrowanej-produkcji-roslin\/\"},\"author\":{\"name\":\"Kamila Kra\u015bniewska\",\"@id\":\"https:\/\/evocert.pl\/en\/#\/schema\/person\/b75109e953a3c8a766a235e348ca5989\"},\"headline\":\"EVOCERT z pozytywn\u0105 decyzj\u0105 w sprawie prowadzenia certyfikacji Integrowanej Produkcji Ro\u015blin\",\"datePublished\":\"2025-11-24T10:14:36+00:00\",\"dateModified\":\"2025-11-24T10:14:49+00:00\",\"mainEntityOfPage\":{\"@id\":\"https:\/\/evocert.pl\/evocert-z-pozytywna-decyzja-w-sprawie-prowadzenia-certyfikacji-integrowanej-produkcji-roslin\/\"},\"wordCount\":149,\"commentCount\":0,\"publisher\":{\"@id\":\"https:\/\/evocert.pl\/en\/#organization\"},\"articleSection\":[\"Co u nas s\u0142ycha\u0107?\",\"Integrowana Produkcja Ro\u015blin\"],\"inLanguage\":\"en-GB\",\"potentialAction\":[{\"@type\":\"CommentAction\",\"name\":\"Comment\",\"target\":[\"https:\/\/evocert.pl\/evocert-z-pozytywna-decyzja-w-sprawie-prowadzenia-certyfikacji-integrowanej-produkcji-roslin\/#respond\"]}]},{\"@type\":\"WebPage\",\"@id\":\"https:\/\/evocert.pl\/evocert-z-pozytywna-decyzja-w-sprawie-prowadzenia-certyfikacji-integrowanej-produkcji-roslin\/\",\"url\":\"https:\/\/evocert.pl\/evocert-z-pozytywna-decyzja-w-sprawie-prowadzenia-certyfikacji-integrowanej-produkcji-roslin\/\",\"name\":\"EVOCERT z pozytywn\u0105 decyzj\u0105 w sprawie prowadzenia certyfikacji Integrowanej Produkcji Ro\u015blin - EVOCERT\",\"isPartOf\":{\"@id\":\"https:\/\/evocert.pl\/en\/#website\"},\"datePublished\":\"2025-11-24T10:14:36+00:00\",\"dateModified\":\"2025-11-24T10:14:49+00:00\",\"breadcrumb\":{\"@id\":\"https:\/\/evocert.pl\/evocert-z-pozytywna-decyzja-w-sprawie-prowadzenia-certyfikacji-integrowanej-produkcji-roslin\/#breadcrumb\"},\"inLanguage\":\"en-GB\",\"potentialAction\":[{\"@type\":\"ReadAction\",\"target\":[\"https:\/\/evocert.pl\/evocert-z-pozytywna-decyzja-w-sprawie-prowadzenia-certyfikacji-integrowanej-produkcji-roslin\/\"]}]},{\"@type\":\"BreadcrumbList\",\"@id\":\"https:\/\/evocert.pl\/evocert-z-pozytywna-decyzja-w-sprawie-prowadzenia-certyfikacji-integrowanej-produkcji-roslin\/#breadcrumb\",\"itemListElement\":[{\"@type\":\"ListItem\",\"position\":1,\"name\":\"Strona g\u0142\u00f3wna\",\"item\":\"https:\/\/evocert.pl\/en\/\"},{\"@type\":\"ListItem\",\"position\":2,\"name\":\"EVOCERT z pozytywn\u0105 decyzj\u0105 w sprawie prowadzenia certyfikacji Integrowanej Produkcji Ro\u015blin\"}]},{\"@type\":\"WebSite\",\"@id\":\"https:\/\/evocert.pl\/en\/#website\",\"url\":\"https:\/\/evocert.pl\/en\/\",\"name\":\"EVOCERT\",\"description\":\"Evolution in certification\",\"publisher\":{\"@id\":\"https:\/\/evocert.pl\/en\/#organization\"},\"potentialAction\":[{\"@type\":\"SearchAction\",\"target\":{\"@type\":\"EntryPoint\",\"urlTemplate\":\"https:\/\/evocert.pl\/en\/?s={search_term_string}\"},\"query-input\":{\"@type\":\"PropertyValueSpecification\",\"valueRequired\":true,\"valueName\":\"search_term_string\"}}],\"inLanguage\":\"en-GB\"},{\"@type\":\"Organization\",\"@id\":\"https:\/\/evocert.pl\/en\/#organization\",\"name\":\"EVOCERT\",\"url\":\"https:\/\/evocert.pl\/en\/\",\"logo\":{\"@type\":\"ImageObject\",\"inLanguage\":\"en-GB\",\"@id\":\"https:\/\/evocert.pl\/en\/#\/schema\/logo\/image\/\",\"url\":\"https:\/\/evocert.pl\/wp-content\/uploads\/2025\/01\/EVOCERT_logo_KOLOR_PNG.png\",\"contentUrl\":\"https:\/\/evocert.pl\/wp-content\/uploads\/2025\/01\/EVOCERT_logo_KOLOR_PNG.png\",\"width\":378,\"height\":378,\"caption\":\"EVOCERT\"},\"image\":{\"@id\":\"https:\/\/evocert.pl\/en\/#\/schema\/logo\/image\/\"},\"sameAs\":[\"https:\/\/www.linkedin.com\/company\/evocert-sp-z-o-o\"]},{\"@type\":\"Person\",\"@id\":\"https:\/\/evocert.pl\/en\/#\/schema\/person\/b75109e953a3c8a766a235e348ca5989\",\"name\":\"Kamila Kra\u015bniewska\",\"image\":{\"@type\":\"ImageObject\",\"inLanguage\":\"en-GB\",\"@id\":\"https:\/\/evocert.pl\/en\/#\/schema\/person\/image\/\",\"url\":\"https:\/\/secure.gravatar.com\/avatar\/35aba65ef507b2bc249e2504d171c5a7399057fb2fcb584cc05638f619dedd32?s=96&d=mm&r=g\",\"contentUrl\":\"https:\/\/secure.gravatar.com\/avatar\/35aba65ef507b2bc249e2504d171c5a7399057fb2fcb584cc05638f619dedd32?s=96&d=mm&r=g\",\"caption\":\"Kamila Kra\u015bniewska\"},\"sameAs\":[\"http:\/\/www.evocert.pl\"],\"url\":\"https:\/\/evocert.pl\/en\/author\/kamila-krasniewska\/\"}]}<\/script>\n<!-- \/ Yoast SEO plugin. -->","yoast_head_json":{"title":"EVOCERT z pozytywn\u0105 decyzj\u0105 w sprawie prowadzenia certyfikacji Integrowanej Produkcji Ro\u015blin - EVOCERT","robots":{"index":"index","follow":"follow","max-snippet":"max-snippet:-1","max-image-preview":"max-image-preview:large","max-video-preview":"max-video-preview:-1"},"canonical":"https:\/\/evocert.pl\/en\/evocert-z-pozytywna-decyzja-w-sprawie-prowadzenia-certyfikacji-integrowanej-produkcji-roslin\/","og_locale":"en_GB","og_type":"article","og_title":"EVOCERT z pozytywn\u0105 decyzj\u0105 w sprawie prowadzenia certyfikacji Integrowanej Produkcji Ro\u015blin - EVOCERT","og_description":"Z przyjemno\u015bci\u0105 informujemy, \u017ce jednostka certyfikuj\u0105ca EVOCERT uzyska\u0142a pozytywn\u0105 decyzj\u0119 Wojew\u00f3dzkiego Inspektora Ochrony Ro\u015blin i Nasiennictwa dotycz\u0105c\u0105 upowa\u017cnienia do prowadzenia dzia\u0142alno\u015bci w zakresie certyfikacji Integrowanej Produkcji Ro\u015blin (IPR).Tym samym EVOCERT zosta\u0142 oficjalnie wpisany do Wykazu upowa\u017cnionych podmiot\u00f3w do wykonywania dzia\u0142alno\u015bci w zakresie certyfikacji integrowanej produkcji ro\u015blin. Uzyskane upowa\u017cnienie stanowi potwierdzenie spe\u0142nienia przez nasz\u0105 jednostk\u0119 profesjonalizmu [&hellip;]","og_url":"https:\/\/evocert.pl\/en\/evocert-z-pozytywna-decyzja-w-sprawie-prowadzenia-certyfikacji-integrowanej-produkcji-roslin\/","og_site_name":"EVOCERT","article_published_time":"2025-11-24T10:14:36+00:00","article_modified_time":"2025-11-24T10:14:49+00:00","og_image":[{"width":378,"height":378,"url":"https:\/\/evocert.pl\/wp-content\/uploads\/2025\/01\/EVOCERT_logo_KOLOR_PNG.png","type":"image\/png"}],"author":"Kamila Kra\u015bniewska","twitter_card":"summary_large_image","twitter_misc":{"Written by":"Kamila Kra\u015bniewska","Estimated reading time":"1 minute"},"schema":{"@context":"https:\/\/schema.org","@graph":[{"@type":"Article","@id":"https:\/\/evocert.pl\/evocert-z-pozytywna-decyzja-w-sprawie-prowadzenia-certyfikacji-integrowanej-produkcji-roslin\/#article","isPartOf":{"@id":"https:\/\/evocert.pl\/evocert-z-pozytywna-decyzja-w-sprawie-prowadzenia-certyfikacji-integrowanej-produkcji-roslin\/"},"author":{"name":"Kamila Kra\u015bniewska","@id":"https:\/\/evocert.pl\/en\/#\/schema\/person\/b75109e953a3c8a766a235e348ca5989"},"headline":"EVOCERT z pozytywn\u0105 decyzj\u0105 w sprawie prowadzenia certyfikacji Integrowanej Produkcji Ro\u015blin","datePublished":"2025-11-24T10:14:36+00:00","dateModified":"2025-11-24T10:14:49+00:00","mainEntityOfPage":{"@id":"https:\/\/evocert.pl\/evocert-z-pozytywna-decyzja-w-sprawie-prowadzenia-certyfikacji-integrowanej-produkcji-roslin\/"},"wordCount":149,"commentCount":0,"publisher":{"@id":"https:\/\/evocert.pl\/en\/#organization"},"articleSection":["Co u nas s\u0142ycha\u0107?","Integrowana Produkcja Ro\u015blin"],"inLanguage":"en-GB","potentialAction":[{"@type":"CommentAction","name":"Comment","target":["https:\/\/evocert.pl\/evocert-z-pozytywna-decyzja-w-sprawie-prowadzenia-certyfikacji-integrowanej-produkcji-roslin\/#respond"]}]},{"@type":"WebPage","@id":"https:\/\/evocert.pl\/evocert-z-pozytywna-decyzja-w-sprawie-prowadzenia-certyfikacji-integrowanej-produkcji-roslin\/","url":"https:\/\/evocert.pl\/evocert-z-pozytywna-decyzja-w-sprawie-prowadzenia-certyfikacji-integrowanej-produkcji-roslin\/","name":"EVOCERT z pozytywn\u0105 decyzj\u0105 w sprawie prowadzenia certyfikacji Integrowanej Produkcji Ro\u015blin - EVOCERT","isPartOf":{"@id":"https:\/\/evocert.pl\/en\/#website"},"datePublished":"2025-11-24T10:14:36+00:00","dateModified":"2025-11-24T10:14:49+00:00","breadcrumb":{"@id":"https:\/\/evocert.pl\/evocert-z-pozytywna-decyzja-w-sprawie-prowadzenia-certyfikacji-integrowanej-produkcji-roslin\/#breadcrumb"},"inLanguage":"en-GB","potentialAction":[{"@type":"ReadAction","target":["https:\/\/evocert.pl\/evocert-z-pozytywna-decyzja-w-sprawie-prowadzenia-certyfikacji-integrowanej-produkcji-roslin\/"]}]},{"@type":"BreadcrumbList","@id":"https:\/\/evocert.pl\/evocert-z-pozytywna-decyzja-w-sprawie-prowadzenia-certyfikacji-integrowanej-produkcji-roslin\/#breadcrumb","itemListElement":[{"@type":"ListItem","position":1,"name":"Strona g\u0142\u00f3wna","item":"https:\/\/evocert.pl\/en\/"},{"@type":"ListItem","position":2,"name":"EVOCERT z pozytywn\u0105 decyzj\u0105 w sprawie prowadzenia certyfikacji Integrowanej Produkcji Ro\u015blin"}]},{"@type":"WebSite","@id":"https:\/\/evocert.pl\/en\/#website","url":"https:\/\/evocert.pl\/en\/","name":"EVOCERT","description":"Evolution in certification","publisher":{"@id":"https:\/\/evocert.pl\/en\/#organization"},"potentialAction":[{"@type":"SearchAction","target":{"@type":"EntryPoint","urlTemplate":"https:\/\/evocert.pl\/en\/?s={search_term_string}"},"query-input":{"@type":"PropertyValueSpecification","valueRequired":true,"valueName":"search_term_string"}}],"inLanguage":"en-GB"},{"@type":"Organization","@id":"https:\/\/evocert.pl\/en\/#organization","name":"EVOCERT","url":"https:\/\/evocert.pl\/en\/","logo":{"@type":"ImageObject","inLanguage":"en-GB","@id":"https:\/\/evocert.pl\/en\/#\/schema\/logo\/image\/","url":"https:\/\/evocert.pl\/wp-content\/uploads\/2025\/01\/EVOCERT_logo_KOLOR_PNG.png","contentUrl":"https:\/\/evocert.pl\/wp-content\/uploads\/2025\/01\/EVOCERT_logo_KOLOR_PNG.png","width":378,"height":378,"caption":"EVOCERT"},"image":{"@id":"https:\/\/evocert.pl\/en\/#\/schema\/logo\/image\/"},"sameAs":["https:\/\/www.linkedin.com\/company\/evocert-sp-z-o-o"]},{"@type":"Person","@id":"https:\/\/evocert.pl\/en\/#\/schema\/person\/b75109e953a3c8a766a235e348ca5989","name":"Kamila Kra\u015bniewska","image":{"@type":"ImageObject","inLanguage":"en-GB","@id":"https:\/\/evocert.pl\/en\/#\/schema\/person\/image\/","url":"https:\/\/secure.gravatar.com\/avatar\/35aba65ef507b2bc249e2504d171c5a7399057fb2fcb584cc05638f619dedd32?s=96&d=mm&r=g","contentUrl":"https:\/\/secure.gravatar.com\/avatar\/35aba65ef507b2bc249e2504d171c5a7399057fb2fcb584cc05638f619dedd32?s=96&d=mm&r=g","caption":"Kamila Kra\u015bniewska"},"sameAs":["http:\/\/www.evocert.pl"],"url":"https:\/\/evocert.pl\/en\/author\/kamila-krasniewska\/"}]}},"_links":{"self":[{"href":"https:\/\/evocert.pl\/en\/wp-json\/wp\/v2\/posts\/5182","targetHints":{"allow":["GET"]}}],"collection":[{"href":"https:\/\/evocert.pl\/en\/wp-json\/wp\/v2\/posts"}],"about":[{"href":"https:\/\/evocert.pl\/en\/wp-json\/wp\/v2\/types\/post"}],"author":[{"embeddable":true,"href":"https:\/\/evocert.pl\/en\/wp-json\/wp\/v2\/users\/2"}],"replies":[{"embeddable":true,"href":"https:\/\/evocert.pl\/en\/wp-json\/wp\/v2\/comments?post=5182"}],"version-history":[{"count":1,"href":"https:\/\/evocert.pl\/en\/wp-json\/wp\/v2\/posts\/5182\/revisions"}],"predecessor-version":[{"id":5183,"href":"https:\/\/evocert.pl\/en\/wp-json\/wp\/v2\/posts\/5182\/revisions\/5183"}],"wp:attachment":[{"href":"https:\/\/evocert.pl\/en\/wp-json\/wp\/v2\/media?parent=5182"}],"wp:term":[{"taxonomy":"category","embeddable":true,"href":"https:\/\/evocert.pl\/en\/wp-json\/wp\/v2\/categories?post=5182"},{"taxonomy":"post_tag","embeddable":true,"href":"https:\/\/evocert.pl\/en\/wp-json\/wp\/v2\/tags?post=5182"}],"curies":[{"name":"wp","href":"https:\/\/api.w.org\/{rel}","templated":true}]}}